{"id":1361,"date":"2017-07-05T12:45:39","date_gmt":"2017-07-05T10:45:39","guid":{"rendered":"http:\/\/grundschule-einsingen.de\/?p=1361"},"modified":"2017-07-09T12:46:47","modified_gmt":"2017-07-09T10:46:47","slug":"die-suedwest-presse-in-der-vierten-klasse","status":"publish","type":"post","link":"https:\/\/grundschule-einsingen.de\/?p=1361","title":{"rendered":"Die S\u00fcdwest Presse in der vierten Klasse"},"content":{"rendered":"<p>Seit Januar 2017 ist die Grundschule Einsingen Referenzschule f\u00fcr Medienbildung. Neben einer Ausstattung mit Tablets stehen in jedem Klassenzimmer ein Medienwagen mit Notebook, Beamer und Dokumentenkamera zur Verf\u00fcgung. Die technische Ausstattung wird gr\u00f6\u00dftenteils von der Stadt Ulm \u00fcbernommen, dar\u00fcberhinaus werden wir als Referenzschule vom Kreismedienzentrum Ulm betreut.<\/p>\n<p>Die S\u00fcdwest Presse-Redakteurin Beate Rose war mit Fotograf Matthias Kessler bei uns vor Ort und haben den Unterricht in der vierten Klasse besucht, um sich einen Eindruck vom Einsatz der Medien in der Praxis zu verschaffen.<\/p>\n<p><a href=\"http:\/\/www.swp.de\/ulm\/lokales\/ulm_neu_ulm\/tablets-im-unterricht-15350976.html\" target=\"_blank\" rel=\"noopener\">Hier finden Sie den Bericht der S\u00fcwest Presse<\/a>.<\/p>\n","protected":false},"excerpt":{"rendered":"<p>Seit Januar 2017 ist die Grundschule Einsingen Referenzschule f\u00fcr Medienbildung. Neben einer Ausstattung mit Tablets stehen in jedem Klassenzimmer ein Medienwagen mit Notebook, Beamer und Dokumentenkamera zur Verf\u00fcgung. Die technische Ausstattung wird gr\u00f6\u00dftenteils von der Stadt Ulm \u00fcbernommen, dar\u00fcberhinaus werden &#8230; <a class=\"more-link\" href=\"https:\/\/grundschule-einsingen.de\/?p=1361\">Read More &raquo;<\/a><\/p>\n","protected":false},"author":1,"featured_media":0,"comment_status":"closed","ping_status":"closed","sticky":false,"template":"","format":"standard","meta":{"footnotes":""},"categories":[9],"tags":[55,21],"class_list":["post-1361","post","type-post","status-publish","format-standard","hentry","category-aktuelles-schule","tag-medienbildung","tag-suedwest-presse"],"_links":{"self":[{"href":"https:\/\/grundschule-einsingen.de\/index.php?rest_route=\/wp\/v2\/posts\/1361","targetHints":{"allow":["GET"]}}],"collection":[{"href":"https:\/\/grundschule-einsingen.de\/index.php?rest_route=\/wp\/v2\/posts"}],"about":[{"href":"https:\/\/grundschule-einsingen.de\/index.php?rest_route=\/wp\/v2\/types\/post"}],"author":[{"embeddable":true,"href":"https:\/\/grundschule-einsingen.de\/index.php?rest_route=\/wp\/v2\/users\/1"}],"replies":[{"embeddable":true,"href":"https:\/\/grundschule-einsingen.de\/index.php?rest_route=%2Fwp%2Fv2%2Fcomments&post=1361"}],"version-history":[{"count":2,"href":"https:\/\/grundschule-einsingen.de\/index.php?rest_route=\/wp\/v2\/posts\/1361\/revisions"}],"predecessor-version":[{"id":1363,"href":"https:\/\/grundschule-einsingen.de\/index.php?rest_route=\/wp\/v2\/posts\/1361\/revisions\/1363"}],"wp:attachment":[{"href":"https:\/\/grundschule-einsingen.de\/index.php?rest_route=%2Fwp%2Fv2%2Fmedia&parent=1361"}],"wp:term":[{"taxonomy":"category","embeddable":true,"href":"https:\/\/grundschule-einsingen.de\/index.php?rest_route=%2Fwp%2Fv2%2Fcategories&post=1361"},{"taxonomy":"post_tag","embeddable":true,"href":"https:\/\/grundschule-einsingen.de\/index.php?rest_route=%2Fwp%2Fv2%2Ftags&post=1361"}],"curies":[{"name":"wp","href":"https:\/\/api.w.org\/{rel}","templated":true}]}}