{"id":1985,"date":"2022-02-21T19:03:33","date_gmt":"2022-02-21T18:03:33","guid":{"rendered":"https:\/\/grundschule-einsingen.de\/?p=1985"},"modified":"2022-02-21T19:03:35","modified_gmt":"2022-02-21T18:03:35","slug":"fasching","status":"publish","type":"post","link":"https:\/\/grundschule-einsingen.de\/?p=1985","title":{"rendered":"Fasching"},"content":{"rendered":"\n<p><strong>Am Freitag, den 25.02.2022<\/strong> d\u00fcrfen alle Kinder <strong>verkleidet<\/strong> in die Schule kommen.<\/p>\n\n\n\n<p><em>Waffen sowie Konfetti<\/em> oder \u00e4hnliches sind allerdings <em>nicht erlaubt<\/em>.<\/p>\n\n\n\n<figure class=\"wp-block-image size-medium is-resized is-style-rounded\"><a href=\"https:\/\/ein.ulm.schule\/wp-content\/uploads\/2022\/02\/20220221_115047-scaled.jpg\"><img loading=\"lazy\" decoding=\"async\" src=\"https:\/\/ein.ulm.schule\/wp-content\/uploads\/2022\/02\/20220221_115047-300x253.jpg\" alt=\"\" class=\"wp-image-1988\" width=\"184\" height=\"155\" srcset=\"https:\/\/grundschule-einsingen.de\/wp-content\/uploads\/2022\/02\/20220221_115047-300x253.jpg 300w, https:\/\/grundschule-einsingen.de\/wp-content\/uploads\/2022\/02\/20220221_115047-1024x863.jpg 1024w, https:\/\/grundschule-einsingen.de\/wp-content\/uploads\/2022\/02\/20220221_115047-768x647.jpg 768w, https:\/\/grundschule-einsingen.de\/wp-content\/uploads\/2022\/02\/20220221_115047-1536x1294.jpg 1536w, https:\/\/grundschule-einsingen.de\/wp-content\/uploads\/2022\/02\/20220221_115047-2048x1725.jpg 2048w, https:\/\/grundschule-einsingen.de\/wp-content\/uploads\/2022\/02\/20220221_115047-600x505.jpg 600w\" sizes=\"auto, (max-width: 184px) 100vw, 184px\" \/><\/a><\/figure>\n\n\n\n<p>Wir werden zun\u00e4chst mit dem <em>Unterricht nach Stundenplan<\/em> beginnen und dann mit den Kindern Fasching feiern. Dabei bleibt in diesem Jahr allerdings jede Klasse unter sich.<\/p>\n\n\n\n<p><strong>Der Unterricht endet nach Stundenplan<\/strong>. Wenn Sie Ihr Kind an diesem Tag fr\u00fcher aus der Betreuung nehmen m\u00f6chten, geben Sie bitte der Betreuung Bescheid.<\/p>\n\n\n\n<p><strong>Die Faschingsferien sind von Montag, 28.02.2022 bis Freitag 04.03.2022.<\/strong><\/p>\n\n\n\n<p>Am Montag, den 07.02.2022 beginnt der Unterricht wieder regul\u00e4r.<\/p>\n\n\n\n<p>Wir w\u00fcnschen allen sch\u00f6ne und erholsame Faschingsferien<\/p>\n\n\n\n<p>Das Kollegium der Grundschule Einsingen<\/p>\n\n\n\n<p>Gabriele Hegele-Schatz<\/p>\n\n\n\n<figure class=\"wp-block-image size-medium is-style-default\"><a href=\"https:\/\/ein.ulm.schule\/wp-content\/uploads\/2022\/02\/20220221_115000-1-scaled.jpg\"><img loading=\"lazy\" decoding=\"async\" width=\"190\" height=\"300\" src=\"https:\/\/ein.ulm.schule\/wp-content\/uploads\/2022\/02\/20220221_115000-1-190x300.jpg\" alt=\"Gebastelter Clown\" class=\"wp-image-1987\" srcset=\"https:\/\/grundschule-einsingen.de\/wp-content\/uploads\/2022\/02\/20220221_115000-1-190x300.jpg 190w, https:\/\/grundschule-einsingen.de\/wp-content\/uploads\/2022\/02\/20220221_115000-1-648x1024.jpg 648w, https:\/\/grundschule-einsingen.de\/wp-content\/uploads\/2022\/02\/20220221_115000-1-768x1213.jpg 768w, https:\/\/grundschule-einsingen.de\/wp-content\/uploads\/2022\/02\/20220221_115000-1-972x1536.jpg 972w, https:\/\/grundschule-einsingen.de\/wp-content\/uploads\/2022\/02\/20220221_115000-1-1296x2048.jpg 1296w, https:\/\/grundschule-einsingen.de\/wp-content\/uploads\/2022\/02\/20220221_115000-1-600x948.jpg 600w, https:\/\/grundschule-einsingen.de\/wp-content\/uploads\/2022\/02\/20220221_115000-1-scaled.jpg 1620w\" sizes=\"auto, (max-width: 190px) 100vw, 190px\" \/><\/a><\/figure>\n","protected":false},"excerpt":{"rendered":"<p>Am Freitag, den 25.02.2022 d\u00fcrfen alle Kinder verkleidet in die Schule kommen. Waffen sowie Konfetti oder \u00e4hnliches sind allerdings nicht erlaubt. Wir werden zun\u00e4chst mit dem Unterricht nach Stundenplan beginnen und dann mit den Kindern Fasching feiern. Dabei bleibt in &#8230; <a class=\"more-link\" href=\"https:\/\/grundschule-einsingen.de\/?p=1985\">Read More &raquo;<\/a><\/p>\n","protected":false},"author":1,"featured_media":0,"comment_status":"closed","ping_status":"closed","sticky":false,"template":"","format":"standard","meta":{"footnotes":""},"categories":[9],"tags":[58,76,75],"class_list":["post-1985","post","type-post","status-publish","format-standard","hentry","category-aktuelles-schule","tag-fasching","tag-faschingsferien","tag-ferien"],"_links":{"self":[{"href":"https:\/\/grundschule-einsingen.de\/index.php?rest_route=\/wp\/v2\/posts\/1985","targetHints":{"allow":["GET"]}}],"collection":[{"href":"https:\/\/grundschule-einsingen.de\/index.php?rest_route=\/wp\/v2\/posts"}],"about":[{"href":"https:\/\/grundschule-einsingen.de\/index.php?rest_route=\/wp\/v2\/types\/post"}],"author":[{"embeddable":true,"href":"https:\/\/grundschule-einsingen.de\/index.php?rest_route=\/wp\/v2\/users\/1"}],"replies":[{"embeddable":true,"href":"https:\/\/grundschule-einsingen.de\/index.php?rest_route=%2Fwp%2Fv2%2Fcomments&post=1985"}],"version-history":[{"count":1,"href":"https:\/\/grundschule-einsingen.de\/index.php?rest_route=\/wp\/v2\/posts\/1985\/revisions"}],"predecessor-version":[{"id":1989,"href":"https:\/\/grundschule-einsingen.de\/index.php?rest_route=\/wp\/v2\/posts\/1985\/revisions\/1989"}],"wp:attachment":[{"href":"https:\/\/grundschule-einsingen.de\/index.php?rest_route=%2Fwp%2Fv2%2Fmedia&parent=1985"}],"wp:term":[{"taxonomy":"category","embeddable":true,"href":"https:\/\/grundschule-einsingen.de\/index.php?rest_route=%2Fwp%2Fv2%2Fcategories&post=1985"},{"taxonomy":"post_tag","embeddable":true,"href":"https:\/\/grundschule-einsingen.de\/index.php?rest_route=%2Fwp%2Fv2%2Ftags&post=1985"}],"curies":[{"name":"wp","href":"https:\/\/api.w.org\/{rel}","templated":true}]}}