{"id":2959,"date":"2026-03-12T15:53:48","date_gmt":"2026-03-12T14:53:48","guid":{"rendered":"https:\/\/grundschule-einsingen.de\/?p=2959"},"modified":"2026-03-16T10:59:00","modified_gmt":"2026-03-16T09:59:00","slug":"jugend-trainiert-fuer-olympia","status":"publish","type":"post","link":"https:\/\/grundschule-einsingen.de\/?p=2959","title":{"rendered":"Jugend trainiert f\u00fcr Olympia"},"content":{"rendered":"\n<p>Am vergangenen Donnerstag fand an unserer Schule ein Sporttag f\u00fcr die 1. und 2. Klassen im Rahmen von \u201eJugend trainiert f\u00fcr Olympia\u201c statt. Den ganzen Tag \u00fcber konnten die Kinder ihr sportliches K\u00f6nnen in verschiedenen Einzeldisziplinen unter Beweis stellen. Au\u00dferdem gab es ein spannendes Mannschaftsspiel, bei dem Teamgeist und Fairness im Mittelpunkt standen.<\/p>\n\n\n\n<p>Dank der vielen flei\u00dfigen Helferinnen und Helfern aus der Elternschaft, die tatkr\u00e4ftig an den Stationen&nbsp; unterst\u00fctzten, konnte der Sporttag reibungslos durchgef\u00fchrt werden.<\/p>\n\n\n\n<p>Die Kinder hatten viel Spa\u00df an Bewegung und sportlichem Wettbewerb \u2013 ein rundum gelungener Tag f\u00fcr alle Beteiligten.&nbsp;<\/p>\n\n\n\n<figure class=\"wp-block-image size-large\"><a href=\"https:\/\/grundschule-einsingen.de\/wp-content\/uploads\/2026\/03\/image-20260312-211310-160.jpeg\"><img loading=\"lazy\" decoding=\"async\" width=\"768\" height=\"1024\" src=\"https:\/\/grundschule-einsingen.de\/wp-content\/uploads\/2026\/03\/image-20260312-211310-160-768x1024.jpeg\" alt=\"\" class=\"wp-image-2961\" srcset=\"https:\/\/grundschule-einsingen.de\/wp-content\/uploads\/2026\/03\/image-20260312-211310-160-768x1024.jpeg 768w, https:\/\/grundschule-einsingen.de\/wp-content\/uploads\/2026\/03\/image-20260312-211310-160-225x300.jpeg 225w, https:\/\/grundschule-einsingen.de\/wp-content\/uploads\/2026\/03\/image-20260312-211310-160-1152x1536.jpeg 1152w, https:\/\/grundschule-einsingen.de\/wp-content\/uploads\/2026\/03\/image-20260312-211310-160-940x1253.jpeg 940w, https:\/\/grundschule-einsingen.de\/wp-content\/uploads\/2026\/03\/image-20260312-211310-160.jpeg 1200w\" sizes=\"auto, (max-width: 768px) 100vw, 768px\" \/><\/a><\/figure>\n\n\n\n<div class=\"wp-block-group is-layout-constrained wp-block-group-is-layout-constrained\">\n<figure class=\"wp-block-image size-large\"><a href=\"https:\/\/grundschule-einsingen.de\/wp-content\/uploads\/2026\/03\/image-20260312-211319-629.jpeg\"><img loading=\"lazy\" decoding=\"async\" width=\"768\" height=\"1024\" src=\"https:\/\/grundschule-einsingen.de\/wp-content\/uploads\/2026\/03\/image-20260312-211319-629-768x1024.jpeg\" alt=\"\" class=\"wp-image-2963\" srcset=\"https:\/\/grundschule-einsingen.de\/wp-content\/uploads\/2026\/03\/image-20260312-211319-629-768x1024.jpeg 768w, https:\/\/grundschule-einsingen.de\/wp-content\/uploads\/2026\/03\/image-20260312-211319-629-225x300.jpeg 225w, https:\/\/grundschule-einsingen.de\/wp-content\/uploads\/2026\/03\/image-20260312-211319-629-1152x1536.jpeg 1152w, https:\/\/grundschule-einsingen.de\/wp-content\/uploads\/2026\/03\/image-20260312-211319-629-940x1253.jpeg 940w, https:\/\/grundschule-einsingen.de\/wp-content\/uploads\/2026\/03\/image-20260312-211319-629.jpeg 1200w\" sizes=\"auto, (max-width: 768px) 100vw, 768px\" \/><\/a><\/figure>\n<\/div>\n\n\n\n<figure class=\"wp-block-image size-large\"><a href=\"https:\/\/grundschule-einsingen.de\/wp-content\/uploads\/2026\/03\/image-20260312-211309-506.jpeg\"><img loading=\"lazy\" decoding=\"async\" width=\"768\" height=\"1024\" src=\"https:\/\/grundschule-einsingen.de\/wp-content\/uploads\/2026\/03\/image-20260312-211309-506-768x1024.jpeg\" alt=\"\" class=\"wp-image-2964\" srcset=\"https:\/\/grundschule-einsingen.de\/wp-content\/uploads\/2026\/03\/image-20260312-211309-506-768x1024.jpeg 768w, https:\/\/grundschule-einsingen.de\/wp-content\/uploads\/2026\/03\/image-20260312-211309-506-225x300.jpeg 225w, https:\/\/grundschule-einsingen.de\/wp-content\/uploads\/2026\/03\/image-20260312-211309-506-1152x1536.jpeg 1152w, https:\/\/grundschule-einsingen.de\/wp-content\/uploads\/2026\/03\/image-20260312-211309-506-940x1253.jpeg 940w, https:\/\/grundschule-einsingen.de\/wp-content\/uploads\/2026\/03\/image-20260312-211309-506.jpeg 1200w\" sizes=\"auto, (max-width: 768px) 100vw, 768px\" \/><\/a><\/figure>\n","protected":false},"excerpt":{"rendered":"<p>Am vergangenen Donnerstag fand an unserer Schule ein Sporttag f\u00fcr die 1. und 2. Klassen im Rahmen von \u201eJugend trainiert f\u00fcr Olympia\u201c statt. Den ganzen Tag \u00fcber konnten die Kinder ihr sportliches K\u00f6nnen in verschiedenen Einzeldisziplinen unter Beweis stellen. Au\u00dferdem &#8230; <a class=\"more-link\" href=\"https:\/\/grundschule-einsingen.de\/?p=2959\">Read More &raquo;<\/a><\/p>\n","protected":false},"author":1,"featured_media":0,"comment_status":"closed","ping_status":"closed","sticky":false,"template":"","format":"standard","meta":{"footnotes":""},"categories":[9],"tags":[],"class_list":["post-2959","post","type-post","status-publish","format-standard","hentry","category-aktuelles-schule"],"_links":{"self":[{"href":"https:\/\/grundschule-einsingen.de\/index.php?rest_route=\/wp\/v2\/posts\/2959","targetHints":{"allow":["GET"]}}],"collection":[{"href":"https:\/\/grundschule-einsingen.de\/index.php?rest_route=\/wp\/v2\/posts"}],"about":[{"href":"https:\/\/grundschule-einsingen.de\/index.php?rest_route=\/wp\/v2\/types\/post"}],"author":[{"embeddable":true,"href":"https:\/\/grundschule-einsingen.de\/index.php?rest_route=\/wp\/v2\/users\/1"}],"replies":[{"embeddable":true,"href":"https:\/\/grundschule-einsingen.de\/index.php?rest_route=%2Fwp%2Fv2%2Fcomments&post=2959"}],"version-history":[{"count":2,"href":"https:\/\/grundschule-einsingen.de\/index.php?rest_route=\/wp\/v2\/posts\/2959\/revisions"}],"predecessor-version":[{"id":2965,"href":"https:\/\/grundschule-einsingen.de\/index.php?rest_route=\/wp\/v2\/posts\/2959\/revisions\/2965"}],"wp:attachment":[{"href":"https:\/\/grundschule-einsingen.de\/index.php?rest_route=%2Fwp%2Fv2%2Fmedia&parent=2959"}],"wp:term":[{"taxonomy":"category","embeddable":true,"href":"https:\/\/grundschule-einsingen.de\/index.php?rest_route=%2Fwp%2Fv2%2Fcategories&post=2959"},{"taxonomy":"post_tag","embeddable":true,"href":"https:\/\/grundschule-einsingen.de\/index.php?rest_route=%2Fwp%2Fv2%2Ftags&post=2959"}],"curies":[{"name":"wp","href":"https:\/\/api.w.org\/{rel}","templated":true}]}}