{"id":854,"date":"2014-12-08T23:55:29","date_gmt":"2014-12-08T21:55:29","guid":{"rendered":"http:\/\/grundschule-einsingen.de\/?p=854"},"modified":"2014-12-09T00:16:07","modified_gmt":"2014-12-08T22:16:07","slug":"der-zauberer-von-oz-so-fanden-es-die-schueler","status":"publish","type":"post","link":"https:\/\/grundschule-einsingen.de\/?p=854","title":{"rendered":"Der Zauberer von Oz &#8211; So fanden es die Sch\u00fcler"},"content":{"rendered":"<p>Am 14. November 2014 besuchten die Sch\u00fclerinnen und Sch\u00fcler der Grundschule \u00a0das diesj\u00e4hrige Weihnachtsm\u00e4rchen des Ulmer Theaters: &#8222;<a href=\"http:\/\/theater.ulm.de\/schauspiel\/spielplan-neue-spielzeit-schauspiel\/1163-der-zauberer-von-oz\/\" target=\"_blank\">Der Zauberer von Oz<\/a>&#8222;.<\/p>\n<p>Die Kinder lie\u00dfen sich mitnehmen in das Land hinterm Regenbogen, ein\u00a0verzaubertes Land, in welches das kleine M\u00e4dchen Dorothy bei einem Wirbelsturm hineingeweht wird. Fern ihrer Heimat erlebt sie Abenteuer, von denen sie bislang nicht zu tr\u00e4umen wagte.<\/p>\n<p>Hier einige Bilder und Texte von Sch\u00fclern zum Theaterst\u00fcck.\u00a0Vielen Dank liebe Kinder, das habt Ihr toll gemacht!<\/p>\n<p>&nbsp;<\/p>\n<p><strong><em>Klasse 1:<\/em><\/strong><\/p>\n<div id='gallery-1' class='gallery galleryid-854 gallery-columns-4 gallery-size-thumbnail'><figure class='gallery-item'>\n\t\t\t<div class='gallery-icon portrait'>\n\t\t\t\t<a href='https:\/\/grundschule-einsingen.de\/wp-content\/uploads\/2014\/12\/zauberer_klasse1_01.jpg'><img loading=\"lazy\" decoding=\"async\" width=\"150\" height=\"150\" src=\"https:\/\/grundschule-einsingen.de\/wp-content\/uploads\/2014\/12\/zauberer_klasse1_01-150x150.jpg\" class=\"attachment-thumbnail size-thumbnail\" alt=\"\" aria-describedby=\"gallery-1-853\" \/><\/a>\n\t\t\t<\/div>\n\t\t\t\t<figcaption class='wp-caption-text gallery-caption' id='gallery-1-853'>\n\t\t\t\tAmelie\n\t\t\t\t<\/figcaption><\/figure><figure class='gallery-item'>\n\t\t\t<div class='gallery-icon portrait'>\n\t\t\t\t<a href='https:\/\/grundschule-einsingen.de\/wp-content\/uploads\/2014\/12\/zauberer_klasse1_03.jpg'><img loading=\"lazy\" decoding=\"async\" width=\"150\" height=\"150\" src=\"https:\/\/grundschule-einsingen.de\/wp-content\/uploads\/2014\/12\/zauberer_klasse1_03-150x150.jpg\" class=\"attachment-thumbnail size-thumbnail\" alt=\"\" aria-describedby=\"gallery-1-840\" \/><\/a>\n\t\t\t<\/div>\n\t\t\t\t<figcaption class='wp-caption-text gallery-caption' id='gallery-1-840'>\n\t\t\t\tMaya\n\t\t\t\t<\/figcaption><\/figure><figure class='gallery-item'>\n\t\t\t<div class='gallery-icon portrait'>\n\t\t\t\t<a href='https:\/\/grundschule-einsingen.de\/wp-content\/uploads\/2014\/12\/zauberer_klasse1_02.jpg'><img loading=\"lazy\" decoding=\"async\" width=\"150\" height=\"150\" src=\"https:\/\/grundschule-einsingen.de\/wp-content\/uploads\/2014\/12\/zauberer_klasse1_02-150x150.jpg\" class=\"attachment-thumbnail size-thumbnail\" alt=\"\" aria-describedby=\"gallery-1-839\" \/><\/a>\n\t\t\t<\/div>\n\t\t\t\t<figcaption class='wp-caption-text gallery-caption' id='gallery-1-839'>\n\t\t\t\tHenry\n\t\t\t\t<\/figcaption><\/figure>\n\t\t<\/div>\n\n<p>&nbsp;<\/p>\n<p><strong><em>Klasse 2:<\/em><\/strong><\/p>\n<div id='gallery-2' class='gallery galleryid-854 gallery-columns-4 gallery-size-thumbnail'><figure class='gallery-item'>\n\t\t\t<div class='gallery-icon portrait'>\n\t\t\t\t<a href='https:\/\/grundschule-einsingen.de\/wp-content\/uploads\/2014\/12\/zauberer_klasse2_05.jpg'><img loading=\"lazy\" decoding=\"async\" width=\"150\" height=\"150\" src=\"https:\/\/grundschule-einsingen.de\/wp-content\/uploads\/2014\/12\/zauberer_klasse2_05-150x150.jpg\" class=\"attachment-thumbnail size-thumbnail\" alt=\"\" aria-describedby=\"gallery-2-846\" \/><\/a>\n\t\t\t<\/div>\n\t\t\t\t<figcaption class='wp-caption-text gallery-caption' id='gallery-2-846'>\n\t\t\t\tJulia\n\t\t\t\t<\/figcaption><\/figure><figure class='gallery-item'>\n\t\t\t<div class='gallery-icon portrait'>\n\t\t\t\t<a href='https:\/\/grundschule-einsingen.de\/wp-content\/uploads\/2014\/12\/zauberer_klasse2_04.jpg'><img loading=\"lazy\" decoding=\"async\" width=\"150\" height=\"150\" src=\"https:\/\/grundschule-einsingen.de\/wp-content\/uploads\/2014\/12\/zauberer_klasse2_04-150x150.jpg\" class=\"attachment-thumbnail size-thumbnail\" alt=\"\" aria-describedby=\"gallery-2-845\" \/><\/a>\n\t\t\t<\/div>\n\t\t\t\t<figcaption class='wp-caption-text gallery-caption' id='gallery-2-845'>\n\t\t\t\tHannah\n\t\t\t\t<\/figcaption><\/figure><figure class='gallery-item'>\n\t\t\t<div class='gallery-icon portrait'>\n\t\t\t\t<a href='https:\/\/grundschule-einsingen.de\/wp-content\/uploads\/2014\/12\/zauberer_klasse2_03.jpg'><img loading=\"lazy\" decoding=\"async\" width=\"150\" height=\"150\" src=\"https:\/\/grundschule-einsingen.de\/wp-content\/uploads\/2014\/12\/zauberer_klasse2_03-150x150.jpg\" class=\"attachment-thumbnail size-thumbnail\" alt=\"\" aria-describedby=\"gallery-2-844\" \/><\/a>\n\t\t\t<\/div>\n\t\t\t\t<figcaption class='wp-caption-text gallery-caption' id='gallery-2-844'>\n\t\t\t\tEmelie\n\t\t\t\t<\/figcaption><\/figure><figure class='gallery-item'>\n\t\t\t<div class='gallery-icon portrait'>\n\t\t\t\t<a href='https:\/\/grundschule-einsingen.de\/wp-content\/uploads\/2014\/12\/zauberer_klasse2_02.jpg'><img loading=\"lazy\" decoding=\"async\" width=\"150\" height=\"150\" src=\"https:\/\/grundschule-einsingen.de\/wp-content\/uploads\/2014\/12\/zauberer_klasse2_02-150x150.jpg\" class=\"attachment-thumbnail size-thumbnail\" alt=\"\" aria-describedby=\"gallery-2-843\" \/><\/a>\n\t\t\t<\/div>\n\t\t\t\t<figcaption class='wp-caption-text gallery-caption' id='gallery-2-843'>\n\t\t\t\tBilal\n\t\t\t\t<\/figcaption><\/figure><figure class='gallery-item'>\n\t\t\t<div class='gallery-icon portrait'>\n\t\t\t\t<a href='https:\/\/grundschule-einsingen.de\/wp-content\/uploads\/2014\/12\/zauberer_klasse2_01.jpg'><img loading=\"lazy\" decoding=\"async\" width=\"150\" height=\"150\" src=\"https:\/\/grundschule-einsingen.de\/wp-content\/uploads\/2014\/12\/zauberer_klasse2_01-150x150.jpg\" class=\"attachment-thumbnail size-thumbnail\" alt=\"\" aria-describedby=\"gallery-2-842\" \/><\/a>\n\t\t\t<\/div>\n\t\t\t\t<figcaption class='wp-caption-text gallery-caption' id='gallery-2-842'>\n\t\t\t\tLea\n\t\t\t\t<\/figcaption><\/figure><figure class='gallery-item'>\n\t\t\t<div class='gallery-icon portrait'>\n\t\t\t\t<a href='https:\/\/grundschule-einsingen.de\/wp-content\/uploads\/2014\/12\/zauberer_klasse1_04.jpg'><img loading=\"lazy\" decoding=\"async\" width=\"150\" height=\"150\" src=\"https:\/\/grundschule-einsingen.de\/wp-content\/uploads\/2014\/12\/zauberer_klasse1_04-150x150.jpg\" class=\"attachment-thumbnail size-thumbnail\" alt=\"\" aria-describedby=\"gallery-2-841\" \/><\/a>\n\t\t\t<\/div>\n\t\t\t\t<figcaption class='wp-caption-text gallery-caption' id='gallery-2-841'>\n\t\t\t\tRobin\n\t\t\t\t<\/figcaption><\/figure><figure class='gallery-item'>\n\t\t\t<div class='gallery-icon landscape'>\n\t\t\t\t<a href='https:\/\/grundschule-einsingen.de\/wp-content\/uploads\/2014\/12\/zauberer_klasse2_06.jpg'><img loading=\"lazy\" decoding=\"async\" width=\"150\" height=\"150\" src=\"https:\/\/grundschule-einsingen.de\/wp-content\/uploads\/2014\/12\/zauberer_klasse2_06-150x150.jpg\" class=\"attachment-thumbnail size-thumbnail\" alt=\"\" aria-describedby=\"gallery-2-847\" \/><\/a>\n\t\t\t<\/div>\n\t\t\t\t<figcaption class='wp-caption-text gallery-caption' id='gallery-2-847'>\n\t\t\t\tEllen\n\t\t\t\t<\/figcaption><\/figure>\n\t\t<\/div>\n\n<p>&nbsp;<\/p>\n<p><strong><em>Klasse 3:<\/em><\/strong><\/p>\n<div id='gallery-3' class='gallery galleryid-854 gallery-columns-4 gallery-size-thumbnail'><figure class='gallery-item'>\n\t\t\t<div class='gallery-icon landscape'>\n\t\t\t\t<a href='https:\/\/grundschule-einsingen.de\/wp-content\/uploads\/2014\/12\/zauberer_klasse3_01.jpg'><img loading=\"lazy\" decoding=\"async\" width=\"150\" height=\"150\" src=\"https:\/\/grundschule-einsingen.de\/wp-content\/uploads\/2014\/12\/zauberer_klasse3_01-150x150.jpg\" class=\"attachment-thumbnail size-thumbnail\" alt=\"\" aria-describedby=\"gallery-3-848\" \/><\/a>\n\t\t\t<\/div>\n\t\t\t\t<figcaption class='wp-caption-text gallery-caption' id='gallery-3-848'>\n\t\t\t\tFelizia\n\t\t\t\t<\/figcaption><\/figure><figure class='gallery-item'>\n\t\t\t<div class='gallery-icon portrait'>\n\t\t\t\t<a href='https:\/\/grundschule-einsingen.de\/wp-content\/uploads\/2014\/12\/zauberer_klasse3_04.jpg'><img loading=\"lazy\" decoding=\"async\" width=\"150\" height=\"150\" src=\"https:\/\/grundschule-einsingen.de\/wp-content\/uploads\/2014\/12\/zauberer_klasse3_04-150x150.jpg\" class=\"attachment-thumbnail size-thumbnail\" alt=\"\" aria-describedby=\"gallery-3-851\" \/><\/a>\n\t\t\t<\/div>\n\t\t\t\t<figcaption class='wp-caption-text gallery-caption' id='gallery-3-851'>\n\t\t\t\tDaniel, Paul und Florian\n\t\t\t\t<\/figcaption><\/figure><figure class='gallery-item'>\n\t\t\t<div class='gallery-icon landscape'>\n\t\t\t\t<a href='https:\/\/grundschule-einsingen.de\/wp-content\/uploads\/2014\/12\/zauberer_klasse3_03.jpg'><img loading=\"lazy\" decoding=\"async\" width=\"150\" height=\"150\" src=\"https:\/\/grundschule-einsingen.de\/wp-content\/uploads\/2014\/12\/zauberer_klasse3_03-150x150.jpg\" class=\"attachment-thumbnail size-thumbnail\" alt=\"\" aria-describedby=\"gallery-3-850\" \/><\/a>\n\t\t\t<\/div>\n\t\t\t\t<figcaption class='wp-caption-text gallery-caption' id='gallery-3-850'>\n\t\t\t\tJulia\n\t\t\t\t<\/figcaption><\/figure><figure class='gallery-item'>\n\t\t\t<div class='gallery-icon landscape'>\n\t\t\t\t<a href='https:\/\/grundschule-einsingen.de\/wp-content\/uploads\/2014\/12\/zauberer_klasse3_02.jpg'><img loading=\"lazy\" decoding=\"async\" width=\"150\" height=\"150\" src=\"https:\/\/grundschule-einsingen.de\/wp-content\/uploads\/2014\/12\/zauberer_klasse3_02-150x150.jpg\" class=\"attachment-thumbnail size-thumbnail\" alt=\"\" aria-describedby=\"gallery-3-849\" \/><\/a>\n\t\t\t<\/div>\n\t\t\t\t<figcaption class='wp-caption-text gallery-caption' id='gallery-3-849'>\n\t\t\t\tunbekannt\n\t\t\t\t<\/figcaption><\/figure>\n\t\t<\/div>\n\n<figure id=\"attachment_860\" aria-describedby=\"caption-attachment-860\" style=\"width: 150px\" class=\"wp-caption alignleft\"><a href=\"http:\/\/grundschule-einsingen.de\/wp-content\/uploads\/2014\/12\/zauberer_klasse3_05.pdf\"><img loading=\"lazy\" decoding=\"async\" class=\"wp-image-860 size-thumbnail\" src=\"http:\/\/grundschule-einsingen.de\/wp-content\/uploads\/2014\/12\/zauberer_klasse3_05prev-150x150.jpg\" alt=\"unbekannt\" width=\"150\" height=\"150\" \/><\/a><figcaption id=\"caption-attachment-860\" class=\"wp-caption-text\">unbekannt<\/figcaption><\/figure>\n","protected":false},"excerpt":{"rendered":"<p>Am 14. November 2014 besuchten die Sch\u00fclerinnen und Sch\u00fcler der Grundschule \u00a0das diesj\u00e4hrige Weihnachtsm\u00e4rchen des Ulmer Theaters: &#8222;Der Zauberer von Oz&#8222;. Die Kinder lie\u00dfen sich mitnehmen in das Land hinterm Regenbogen, ein\u00a0verzaubertes Land, in welches das kleine M\u00e4dchen Dorothy bei &#8230; <a class=\"more-link\" href=\"https:\/\/grundschule-einsingen.de\/?p=854\">Read More &raquo;<\/a><\/p>\n","protected":false},"author":1,"featured_media":848,"comment_status":"closed","ping_status":"closed","sticky":false,"template":"","format":"standard","meta":{"footnotes":""},"categories":[9],"tags":[16,20],"class_list":["post-854","post","type-post","status-publish","format-standard","has-post-thumbnail","hentry","category-aktuelles-schule","tag-ausflug","tag-theater"],"_links":{"self":[{"href":"https:\/\/grundschule-einsingen.de\/index.php?rest_route=\/wp\/v2\/posts\/854","targetHints":{"allow":["GET"]}}],"collection":[{"href":"https:\/\/grundschule-einsingen.de\/index.php?rest_route=\/wp\/v2\/posts"}],"about":[{"href":"https:\/\/grundschule-einsingen.de\/index.php?rest_route=\/wp\/v2\/types\/post"}],"author":[{"embeddable":true,"href":"https:\/\/grundschule-einsingen.de\/index.php?rest_route=\/wp\/v2\/users\/1"}],"replies":[{"embeddable":true,"href":"https:\/\/grundschule-einsingen.de\/index.php?rest_route=%2Fwp%2Fv2%2Fcomments&post=854"}],"version-history":[{"count":0,"href":"https:\/\/grundschule-einsingen.de\/index.php?rest_route=\/wp\/v2\/posts\/854\/revisions"}],"wp:featuredmedia":[{"embeddable":true,"href":"https:\/\/grundschule-einsingen.de\/index.php?rest_route=\/wp\/v2\/media\/848"}],"wp:attachment":[{"href":"https:\/\/grundschule-einsingen.de\/index.php?rest_route=%2Fwp%2Fv2%2Fmedia&parent=854"}],"wp:term":[{"taxonomy":"category","embeddable":true,"href":"https:\/\/grundschule-einsingen.de\/index.php?rest_route=%2Fwp%2Fv2%2Fcategories&post=854"},{"taxonomy":"post_tag","embeddable":true,"href":"https:\/\/grundschule-einsingen.de\/index.php?rest_route=%2Fwp%2Fv2%2Ftags&post=854"}],"curies":[{"name":"wp","href":"https:\/\/api.w.org\/{rel}","templated":true}]}}